{"id":27,"date":"2024-10-26T09:00:00","date_gmt":"2024-10-26T07:00:00","guid":{"rendered":"https:\/\/www.uv-farbgele.de\/blog\/?p=27"},"modified":"2025-04-25T12:38:41","modified_gmt":"2025-04-25T10:38:41","slug":"herbst-nageldesign-ideen","status":"publish","type":"post","link":"https:\/\/www.uv-farbgele.de\/blog\/2024\/10\/26\/herbst-nageldesign-ideen\/","title":{"rendered":"Herbstliche Nageldesigns: Kreative Ideen f\u00fcr die goldene Jahreszeit"},"content":{"rendered":"\n<p>Mit den ersten bunten Bl\u00e4ttern und der frischen Herbstluft \u00e4ndert sich nicht nur die Garderobe \u2013 auch die Nageldesigns passen sich an die neue Jahreszeit an. Sanfte <strong>Erdt\u00f6ne<\/strong>, satte <strong>Rott\u00f6ne<\/strong> und <strong>goldene Highlights<\/strong> sind jetzt absolut angesagt. Wir haben einige zauberhafte Herbst-Nageldesigns f\u00fcr dich zusammengestellt. Mit diesen einfachen Anleitungen und stylischen Ideen wird dein Herbstlook perfekt abgerundet!<\/p>\n\n\n\n<p><\/p>\n\n\n\n<h2 class=\"wp-block-heading\"><strong>Herbstliche Bl\u00e4tter \u2013 das perfekte Bl\u00e4tter-Nageldesign<\/strong><\/h2>\n\n\n\n<figure class=\"wp-block-image size-full\"><img loading=\"lazy\" decoding=\"async\" width=\"1024\" height=\"1024\" src=\"https:\/\/www.uv-farbgele.de\/blog\/wp-content\/uploads\/2024\/10\/ug5m7iuk.png\" alt=\"\" class=\"wp-image-28\" srcset=\"https:\/\/www.uv-farbgele.de\/blog\/wp-content\/uploads\/2024\/10\/ug5m7iuk.png 1024w, https:\/\/www.uv-farbgele.de\/blog\/wp-content\/uploads\/2024\/10\/ug5m7iuk-300x300.png 300w, https:\/\/www.uv-farbgele.de\/blog\/wp-content\/uploads\/2024\/10\/ug5m7iuk-150x150.png 150w, https:\/\/www.uv-farbgele.de\/blog\/wp-content\/uploads\/2024\/10\/ug5m7iuk-768x768.png 768w, https:\/\/www.uv-farbgele.de\/blog\/wp-content\/uploads\/2024\/10\/ug5m7iuk-170x170.png 170w\" sizes=\"auto, (max-width: 1024px) 100vw, 1024px\" \/><\/figure>\n\n\n\n<p><\/p>\n\n\n\n<p>Ein Bl\u00e4tter-Nageldesign bringt die faszinierende Farbenvielfalt des Herbstes direkt auf deine N\u00e4gel. Dieser Look ist stilvoll und trotzdem verspielt \u2013 ideal f\u00fcr alle, die sich dezente, aber besondere N\u00e4gel w\u00fcnschen.<\/p>\n\n\n\n<p><strong>Anleitung f\u00fcr das Bl\u00e4tter-Nageldesign:<\/strong><\/p>\n\n\n\n<ol class=\"wp-block-list\">\n<li><strong>Basisfarbe auftragen:<\/strong> Beginne mit einer neutralen Grundfarbe wie Beige, Sand oder Karamell. Diese Farbt\u00f6ne passen perfekt zum herbstlichen Look und lassen die Bl\u00e4tter-Motive im Vordergrund stehen.<\/li>\n\n\n\n<li><strong>Bl\u00e4tter-Motive malen:<\/strong> Verwende einen feinen <a href=\"https:\/\/www.uv-farbgele.de\/de\/nageldesign-pinsel\/nailart-pinsel\/\"><strong>Nailart-Pinsel<\/strong><\/a>, um kleine Bl\u00e4tter in herbstlichen Farben wie Senfgelb, Ziegelrot und Olive zu zeichnen. Male die Bl\u00e4tter leicht schr\u00e4g oder in B\u00f6gen auf die N\u00e4gel \u2013 das sieht aus, als w\u00fcrden sie im Wind tanzen.<\/li>\n\n\n\n<li><strong>Akzente setzen:<\/strong> Um den Bl\u00e4ttern mehr Tiefe zu verleihen, f\u00fcge feine Linien in einem dunklen Braun oder Gold hinzu. Dies l\u00e4sst die Bl\u00e4tter realistischer wirken und gibt dem Design einen edlen Touch.<\/li>\n\n\n\n<li><strong>Top Coat auftragen:<\/strong> Zum Schluss tr\u00e4gst du einen gl\u00e4nzenden<strong> <a href=\"https:\/\/www.uv-farbgele.de\/de\/uv-gel-base-top-coat.html\">Top Coat<\/a><\/strong> auf, um das Design zu versiegeln und es l\u00e4nger haltbar zu machen. So bleibt dein herbstliches Nageldesign f\u00fcr viele Tage strahlend sch\u00f6n. Du findest bei uns auch einen passenden Top Coat ohne Schwitzschicht mit Goldpartikeln &#8211; schau mal <a href=\"https:\/\/www.uv-farbgele.de\/de\/uv-gel-quick-finish-gold-dust.html\">hier<\/a>.<\/li>\n<\/ol>\n\n\n\n<p><\/p>\n\n\n\n<p><strong>Tipp:<\/strong> Verteile die Bl\u00e4tter ungleichm\u00e4\u00dfig und lasse auch etwas von der Basisfarbe durchscheinen \u2013 das verleiht dem Look eine elegante Leichtigkeit!<\/p>\n\n\n\n<p><\/p>\n\n\n\n<p><\/p>\n\n\n\n<h2 class=\"wp-block-heading\">Ombre Sunset \u2013 der Farbverlauf, der wie ein Herbstabend wirkt<\/h2>\n\n\n\n<figure class=\"wp-block-image size-full\"><img loading=\"lazy\" decoding=\"async\" width=\"1024\" height=\"1024\" src=\"https:\/\/www.uv-farbgele.de\/blog\/wp-content\/uploads\/2024\/10\/5n3jhk1q.png\" alt=\"\" class=\"wp-image-29\" srcset=\"https:\/\/www.uv-farbgele.de\/blog\/wp-content\/uploads\/2024\/10\/5n3jhk1q.png 1024w, https:\/\/www.uv-farbgele.de\/blog\/wp-content\/uploads\/2024\/10\/5n3jhk1q-300x300.png 300w, https:\/\/www.uv-farbgele.de\/blog\/wp-content\/uploads\/2024\/10\/5n3jhk1q-150x150.png 150w, https:\/\/www.uv-farbgele.de\/blog\/wp-content\/uploads\/2024\/10\/5n3jhk1q-768x768.png 768w, https:\/\/www.uv-farbgele.de\/blog\/wp-content\/uploads\/2024\/10\/5n3jhk1q-170x170.png 170w\" sizes=\"auto, (max-width: 1024px) 100vw, 1024px\" \/><\/figure>\n\n\n\n<p><\/p>\n\n\n\n<p>Ein Ombre-Nails sind immer eine elegante Wahl. F\u00fcr den Herbst ist dieser Trend besonders sch\u00f6n, wenn er die warmen Farben eines Sonnenuntergangs aufgreift. Dieses Design wirkt lebendig und bringt eine gewisse Tiefe auf die N\u00e4gel.<\/p>\n\n\n\n<p><strong>So gelingt dir das Ombre-Nageldesign:<\/strong><\/p>\n\n\n\n<ol class=\"wp-block-list\">\n<li><strong>Basisfarbe w\u00e4hlen:<\/strong> Als Basis eignet sich ein leichter Cremeton oder ein weiches Beige. Dies schafft eine neutrale Grundlage, auf der die intensiven Farben des Ombre-Designs besonders gut wirken.<\/li>\n\n\n\n<li><strong>Ombre-Technik anwenden:<\/strong> Trage mit einem <a href=\"https:\/\/www.uv-farbgele.de\/de\/set-designer-nailart-gel-pinsel.html\">Schw\u00e4mmchen-Pinsel <\/a>einen sanften Farbverlauf von Orange zu Dunkelrot auf. Beginne mit Orange am unteren Nagelrand und gehe allm\u00e4hlich zu einem satten Dunkelrot \u00fcber. F\u00fcr einen harmonischen \u00dcbergang tupfst du die Farben vorsichtig auf die N\u00e4gel und wiederholst diesen Schritt, bis der Verlauf sch\u00f6n intensiv ist.<\/li>\n\n\n\n<li><strong>\u00dcberg\u00e4nge verblenden:<\/strong> Falls n\u00f6tig, kannst du mit einem <a href=\"https:\/\/www.uv-farbgele.de\/de\/nailart-gelpinsel-echthaar-ombre-pinsel.html\"><strong>Ombre-Pinsel<\/strong> <\/a>oder einem feinen Schw\u00e4mmchen die \u00dcberg\u00e4nge noch weicher machen, sodass die Farben flie\u00dfend ineinander \u00fcbergehen.<\/li>\n\n\n\n<li><strong>Top Coat f\u00fcr das Finish:<\/strong> Um das Ombre-Nageldesign zu fixieren, w\u00e4hle einen gl\u00e4nzenden oder \u2013 f\u00fcr einen edlen Look \u2013 einen <strong><a href=\"https:\/\/www.uv-farbgele.de\/de\/uv-gel-matt-look-finish-klar.html\">matten Top Coat<\/a><\/strong>.<\/li>\n<\/ol>\n\n\n\n<p><\/p>\n\n\n\n<p><strong>Tipp:<\/strong> Ein Ombre-Design funktioniert auch in anderen Herbstfarben, wie Senfgelb und Bordeaux oder Taupe und Rostbraun. Experimentiere mit den Farben, die am besten zu deinem Stil passen!<\/p>\n\n\n\n<p><\/p>\n\n\n\n<p><\/p>\n\n\n\n<h2 class=\"wp-block-heading\">Goldene Akzente auf Taupe \u2013 elegant und herbstlich<\/h2>\n\n\n\n<figure class=\"wp-block-image size-full\"><img loading=\"lazy\" decoding=\"async\" width=\"1024\" height=\"1024\" src=\"https:\/\/www.uv-farbgele.de\/blog\/wp-content\/uploads\/2024\/10\/bawpsi0s.png\" alt=\"\" class=\"wp-image-30\" srcset=\"https:\/\/www.uv-farbgele.de\/blog\/wp-content\/uploads\/2024\/10\/bawpsi0s.png 1024w, https:\/\/www.uv-farbgele.de\/blog\/wp-content\/uploads\/2024\/10\/bawpsi0s-300x300.png 300w, https:\/\/www.uv-farbgele.de\/blog\/wp-content\/uploads\/2024\/10\/bawpsi0s-150x150.png 150w, https:\/\/www.uv-farbgele.de\/blog\/wp-content\/uploads\/2024\/10\/bawpsi0s-768x768.png 768w, https:\/\/www.uv-farbgele.de\/blog\/wp-content\/uploads\/2024\/10\/bawpsi0s-170x170.png 170w\" sizes=\"auto, (max-width: 1024px) 100vw, 1024px\" \/><\/figure>\n\n\n\n<p><\/p>\n\n\n\n<p>Taupe ist eine tolle Basisfarbe f\u00fcr den Herbst: Sie ist dezent und dennoch modern und bietet viel Raum f\u00fcr kleine Highlights. In Kombination mit goldenen Akzenten wirkt dieser Look edel und passt zu fast jedem Outfit.<\/p>\n\n\n\n<p><strong>Anleitung f\u00fcr Goldakzente auf Taupe:<\/strong><\/p>\n\n\n\n<ol class=\"wp-block-list\">\n<li><strong>Basis in Taupe:<\/strong> Grundiere deine N\u00e4gel mit einem cremigen Taupe-Ton. Achte darauf, dass die Farbe gleichm\u00e4\u00dfig aufgetragen ist, da sie die Grundlage f\u00fcr das Design bildet.<\/li>\n\n\n\n<li><strong>Goldene Details hinzuf\u00fcgen:<\/strong> Jetzt kommt der funkelnde Teil! Setze mit einem <strong><a href=\"https:\/\/www.uv-farbgele.de\/de\/set-spot-swirl-gelpinsel-rotmarderhaar-rounded.html\">Nailart-Pen<\/a><\/strong> oder einem <a href=\"https:\/\/www.uv-farbgele.de\/de\/fineliner-nailart-pinsel-set-striper.html\"><strong>feinen Pinsel<\/strong><\/a> kleine goldene Punkte, Linien oder geometrische Muster auf den N\u00e4geln. Die goldenen Akzente sehen besonders sch\u00f6n entlang des Nagelansatzes oder seitlich am Nagel aus.<\/li>\n\n\n\n<li><strong>Luxuri\u00f6se Highlights:<\/strong> F\u00fcr einen zus\u00e4tzlichen Hauch Glamour kannst du auf einzelne N\u00e4gel feinen Gold- oder Glitzerstaub auftragen. So erhalten deine N\u00e4gel einen Hauch von Luxus, der wunderbar zur Herbststimmung passt.<\/li>\n\n\n\n<li><strong>Top Coat f\u00fcr das Finish:<\/strong> Ein gl\u00e4nzender Top Coat fixiert dein Design und bringt die goldenen Akzente noch mehr zum Strahlen.<\/li>\n<\/ol>\n\n\n\n<p><\/p>\n\n\n\n<p><strong>Tipp:<\/strong> Wer es lieber dezent mag, kann die goldenen Akzente nur auf einem oder zwei N\u00e4geln platzieren \u2013 das wirkt schick und unaufdringlich.<\/p>\n\n\n\n<p><\/p>\n\n\n\n<p><\/p>\n\n\n\n<h2 class=\"wp-block-heading\">Herbstliche French Nails in warmen T\u00f6nen<\/h2>\n\n\n\n<figure class=\"wp-block-image size-full\"><img loading=\"lazy\" decoding=\"async\" width=\"1024\" height=\"1024\" src=\"https:\/\/www.uv-farbgele.de\/blog\/wp-content\/uploads\/2024\/10\/bod4svpu-1.png\" alt=\"\" class=\"wp-image-32\" srcset=\"https:\/\/www.uv-farbgele.de\/blog\/wp-content\/uploads\/2024\/10\/bod4svpu-1.png 1024w, https:\/\/www.uv-farbgele.de\/blog\/wp-content\/uploads\/2024\/10\/bod4svpu-1-300x300.png 300w, https:\/\/www.uv-farbgele.de\/blog\/wp-content\/uploads\/2024\/10\/bod4svpu-1-150x150.png 150w, https:\/\/www.uv-farbgele.de\/blog\/wp-content\/uploads\/2024\/10\/bod4svpu-1-768x768.png 768w, https:\/\/www.uv-farbgele.de\/blog\/wp-content\/uploads\/2024\/10\/bod4svpu-1-170x170.png 170w\" sizes=\"auto, (max-width: 1024px) 100vw, 1024px\" \/><\/figure>\n\n\n\n<p><\/p>\n\n\n\n<p>French Nails mal anders! F\u00fcr den Herbst kannst du die Spitzen deiner N\u00e4gel in warmen, erdigen T\u00f6nen gestalten. Diese herbstliche Variante der French Nails ist einfach umzusetzen und l\u00e4sst sich super mit anderen Looks kombinieren.<\/p>\n\n\n\n<p><strong>So gestaltest du herbstliche French Nails:<\/strong><\/p>\n\n\n\n<ol class=\"wp-block-list\">\n<li><strong>Nagelbasis vorbereiten:<\/strong> Trage als Grundfarbe ein zartes Beige oder Nude auf die N\u00e4gel auf oder nutze das <strong><a href=\"https:\/\/www.uv-farbgele.de\/de\/uv-aufbaugel-camouflage-cover-makeup-gel.html\">Cover Aufbaugel<\/a><\/strong>. Das sorgt f\u00fcr einen nat\u00fcrlichen Look und macht die farbigen Spitzen zum Hingucker.<\/li>\n\n\n\n<li><strong>Spitzen in Herbstfarben:<\/strong> Anstatt klassischem Wei\u00df verwendest du jetzt herbstliche Farben f\u00fcr die Spitzen! Wie w\u00e4re es mit einem <strong>warmen Rot<\/strong>, <strong>dunklen Orange<\/strong> oder <strong>tiefem Kastanienbraun<\/strong>? Male die Spitzen mit einem feinen Pinsel oder einem speziellen <strong><a href=\"https:\/\/www.uv-farbgele.de\/de\/set-pinsel-uv-gel-acryl-kunsthaar-zebra.html\">French Nail Pen<\/a><\/strong>.<\/li>\n\n\n\n<li><strong>Alternativen ausprobieren:<\/strong> Du kannst auch jeden Nagel in einer anderen Herbstfarbe gestalten oder kleine Muster auf den Spitzen einarbeiten \u2013 so wird das Design besonders individuell.<\/li>\n\n\n\n<li><strong>Top Coat f\u00fcr Glanz und Haltbarkeit:<\/strong> Ein klarer Top Coat sch\u00fctzt die Farben und l\u00e4sst deine French Nails sch\u00f6n gl\u00e4nzen.<\/li>\n<\/ol>\n\n\n\n<p><\/p>\n\n\n\n<p><strong>Tipp:<\/strong> Herbstliche French Nails sehen besonders sch\u00f6n auf leicht l\u00e4ngeren N\u00e4geln aus \u2013 so kommen die farbigen Spitzen perfekt zur Geltung!<\/p>\n\n\n\n<p><\/p>\n\n\n\n<p><\/p>\n\n\n\n<p>Der Herbst ist die perfekte Jahreszeit, um neue Trends und Farben auf den N\u00e4geln auszuprobieren! Egal, ob du zarte Bl\u00e4tter, warme Ombre-Verl\u00e4ufe oder goldene Akzente bevorzugst \u2013 mit diesen herbstlichen Nageldesigns wird dein Look garantiert ein Highlight. Schnapp dir deine Lieblingsfarben und lass dich von der Natur inspirieren. Viel Spa\u00df beim Ausprobieren und kreative Herbstmomente f\u00fcr deine N\u00e4gel!<\/p>\n","protected":false},"excerpt":{"rendered":"<p>Mit den ersten bunten Bl\u00e4ttern und der frischen Herbstluft \u00e4ndert sich nicht nur die Garderobe \u2013 auch die Nageldesigns passen sich an die neue Jahreszeit an. Sanfte Erdt\u00f6ne, satte Rott\u00f6ne und goldene Highlights sind jetzt absolut angesagt. Wir haben einige zauberhafte Herbst-Nageldesigns f\u00fcr dich zusammengestellt. Mit diesen einfachen Anleitungen und stylischen Ideen wird dein Herbstlook [&hellip;]<\/p>\n","protected":false},"author":2,"featured_media":139,"comment_status":"closed","ping_status":"open","sticky":false,"template":"","format":"standard","meta":{"footnotes":""},"categories":[1],"tags":[6,8,10,4,9,7,3,5],"class_list":["post-27","post","type-post","status-publish","format-standard","has-post-thumbnail","hentry","category-nageldesign-ideen-turorials","tag-autumn-nails","tag-fingernaegel-design","tag-gelnaegel-design","tag-herbstnaegel","tag-naegel-selber-machen","tag-nageldesign","tag-nageldesign-ideen","tag-nailinspiration"],"_links":{"self":[{"href":"https:\/\/www.uv-farbgele.de\/blog\/wp-json\/wp\/v2\/posts\/27","targetHints":{"allow":["GET"]}}],"collection":[{"href":"https:\/\/www.uv-farbgele.de\/blog\/wp-json\/wp\/v2\/posts"}],"about":[{"href":"https:\/\/www.uv-farbgele.de\/blog\/wp-json\/wp\/v2\/types\/post"}],"author":[{"embeddable":true,"href":"https:\/\/www.uv-farbgele.de\/blog\/wp-json\/wp\/v2\/users\/2"}],"replies":[{"embeddable":true,"href":"https:\/\/www.uv-farbgele.de\/blog\/wp-json\/wp\/v2\/comments?post=27"}],"version-history":[{"count":5,"href":"https:\/\/www.uv-farbgele.de\/blog\/wp-json\/wp\/v2\/posts\/27\/revisions"}],"predecessor-version":[{"id":37,"href":"https:\/\/www.uv-farbgele.de\/blog\/wp-json\/wp\/v2\/posts\/27\/revisions\/37"}],"wp:featuredmedia":[{"embeddable":true,"href":"https:\/\/www.uv-farbgele.de\/blog\/wp-json\/wp\/v2\/media\/139"}],"wp:attachment":[{"href":"https:\/\/www.uv-farbgele.de\/blog\/wp-json\/wp\/v2\/media?parent=27"}],"wp:term":[{"taxonomy":"category","embeddable":true,"href":"https:\/\/www.uv-farbgele.de\/blog\/wp-json\/wp\/v2\/categories?post=27"},{"taxonomy":"post_tag","embeddable":true,"href":"https:\/\/www.uv-farbgele.de\/blog\/wp-json\/wp\/v2\/tags?post=27"}],"curies":[{"name":"wp","href":"https:\/\/api.w.org\/{rel}","templated":true}]}}