{"id":250,"date":"2025-04-01T09:14:28","date_gmt":"2025-04-01T07:14:28","guid":{"rendered":"https:\/\/www.uv-farbgele.de\/blog\/?p=250"},"modified":"2025-04-25T12:37:26","modified_gmt":"2025-04-25T10:37:26","slug":"strahlende-naegel-mit-farbgel-so-gelingt-der-perfekte-look","status":"publish","type":"post","link":"https:\/\/www.uv-farbgele.de\/blog\/2025\/04\/01\/strahlende-naegel-mit-farbgel-so-gelingt-der-perfekte-look\/","title":{"rendered":"Strahlende N\u00e4gel mit Farbgel: So gelingt der perfekte Look"},"content":{"rendered":"\n<p><\/p>\n\n\n\n<p>Sch\u00f6ne N\u00e4gel sind mehr als ein Beauty-Trend \u2013 sie sind Ausdruck von Pers\u00f6nlichkeit und Stil. Farbgele erm\u00f6glichen dir kreative Designs, intensive Farben und ein makelloses Finish, das wochenlang h\u00e4lt. In diesem Beitrag zeigen wir dir, warum Farbgel die ideale Wahl ist und wie du es richtig anwendest.<\/p>\n\n\n\n<h3 class=\"wp-block-heading\">Warum Farbgel?<\/h3>\n\n\n\n<p>Farbgele auf UV- oder LED-Basis sind besonders beliebt, weil sie:<\/p>\n\n\n\n<ul class=\"wp-block-list\">\n<li><strong>intensive Farben<\/strong> bieten, die nicht verblassen,<\/li>\n\n\n\n<li><strong>absolut wischfest<\/strong> sind nach dem Aush\u00e4rten,<\/li>\n\n\n\n<li><strong>lange halten<\/strong>, ohne zu splittern,<\/li>\n\n\n\n<li>und <strong>vielf\u00e4ltige Designs<\/strong> erm\u00f6glichen \u2013 von klassisch bis extravagant.<\/li>\n<\/ul>\n\n\n\n<p>Ob du deine N\u00e4gel schlicht in Nude oder aufregend in Neon gestalten willst \u2013 mit <a href=\"https:\/\/www.uv-farbgele.de\/de\/farbgele-lacke\/\" data-type=\"link\" data-id=\"https:\/\/www.uv-farbgele.de\/de\/farbgele-lacke\/\">hochwertigem Farbgel<\/a> findest du garantiert den richtigen Ton.<\/p>\n\n\n\n<h3 class=\"wp-block-heading\">Schritt-f\u00fcr-Schritt zur perfekten Manik\u00fcre<\/h3>\n\n\n\n<ol class=\"wp-block-list\">\n<li><strong>Vorbereitung ist alles:<\/strong> Naturnagel vorsichtig anrauen, Nagelhaut zur\u00fcckschieben, entfetten.<\/li>\n\n\n\n<li><strong>Base Gel auftragen:<\/strong> F\u00fcr bessere Haftung \u2013 findest du <a href=\"https:\/\/www.uv-farbgele.de\/de\/advanced_search_result.php?keywords=base&amp;inc_subcat=1\" data-type=\"link\" data-id=\"https:\/\/www.uv-farbgele.de\/de\/advanced_search_result.php?keywords=base&amp;inc_subcat=1\">hier<\/a>.<\/li>\n\n\n\n<li><strong>Farbgel in 1\u20132 d\u00fcnnen Schichten auftragen:<\/strong> Zwischen den Schichten je ca. 60 Sekunden unter der UV-\/LED-Lampe aush\u00e4rten lassen.<\/li>\n\n\n\n<li><strong>Mit Versiegelungsgel abschlie\u00dfen:<\/strong> F\u00fcr Glanz und Schutz. Unsere Empfehlung: <a href=\"https:\/\/www.uv-farbgele.de\/de\/advanced_search_result.php?keywords=versiegelung&amp;inc_subcat=1\" data-type=\"link\" data-id=\"https:\/\/www.uv-farbgele.de\/de\/advanced_search_result.php?keywords=versiegelung&amp;inc_subcat=1\">Versiegelungsgele mit oder ohne Schwitzschicht<\/a>.<\/li>\n<\/ol>\n\n\n\n<h3 class=\"wp-block-heading\">Inspiration f\u00fcr deinen Style<\/h3>\n\n\n\n<p>Lust auf Abwechslung? In unserem Shop findest du:<\/p>\n\n\n\n<ul class=\"wp-block-list\">\n<li><a href=\"https:\/\/www.uv-farbgele.de\/de\/farbgele-lacke\/\" data-type=\"link\" data-id=\"https:\/\/www.uv-farbgele.de\/de\/farbgele-lacke\/\">Trendfarben &amp; Saison-Highlights<\/a><\/li>\n\n\n\n<li><a href=\"https:\/\/www.uv-farbgele.de\/de\/farbgele-lacke\/uv-nagellack-hema-frei-fuer-allergiker\/\" data-type=\"link\" data-id=\"https:\/\/www.uv-farbgele.de\/de\/farbgele-lacke\/uv-nagellack-hema-frei-fuer-allergiker\/\">Hema-freie UV Lacke, auch f\u00fcr Allergiker<\/a><\/li>\n\n\n\n<li><a href=\"https:\/\/www.uv-farbgele.de\/de\/uv-classic-frenchgel-weiss.html\" data-type=\"link\" data-id=\"https:\/\/www.uv-farbgele.de\/de\/uv-classic-frenchgel-weiss.html\">Klassische T\u00f6ne f\u00fcr French-Designs<\/a><\/li>\n<\/ul>\n\n\n\n<p>Ob elegant oder auff\u00e4llig \u2013 es gibt f\u00fcr jeden Anlass das passende Farbgel.<\/p>\n\n\n\n<h3 class=\"wp-block-heading\">Unser Tipp:<\/h3>\n\n\n\n<p>Teste neue Looks am besten mit einem Startersets mit <a href=\"https:\/\/www.uv-farbgele.de\/de\/advanced_search_result.php?keywords=starterset+farbgel&amp;inc_subcat=1\" data-type=\"link\" data-id=\"https:\/\/www.uv-farbgele.de\/de\/advanced_search_result.php?keywords=starterset+farbgel&amp;inc_subcat=1\">Farbgel-Sets<\/a> \u2013 ideal f\u00fcr Einsteiger oder alle, die gern kreativ sind!<\/p>\n\n\n\n<hr class=\"wp-block-separator has-alpha-channel-opacity\"\/>\n\n\n\n<p><strong>Bereit f\u00fcr deine n\u00e4chste Nagelkreation?<\/strong><br>Lass dich von unserer gro\u00dfen Auswahl inspirieren und finde deine Lieblingsfarben f\u00fcr ein perfektes Nageldesign.<\/p>\n\n\n\n<p>\ud83d\udc49 Jetzt entdecken: <a href=\"https:\/\/www.uv-farbgele.de\/de\/farbgele-lacke\/\" data-type=\"link\" data-id=\"https:\/\/www.uv-farbgele.de\/de\/farbgele-lacke\/\">Alle Farbgele ansehen<\/a><\/p>\n\n\n\n<p><\/p>\n","protected":false},"excerpt":{"rendered":"<p>Sch\u00f6ne N\u00e4gel sind mehr als ein Beauty-Trend \u2013 sie sind Ausdruck von Pers\u00f6nlichkeit und Stil. Farbgele erm\u00f6glichen dir kreative Designs, intensive Farben und ein makelloses Finish, das wochenlang h\u00e4lt. In diesem Beitrag zeigen wir dir, warum Farbgel die ideale Wahl ist und wie du es richtig anwendest. Warum Farbgel? Farbgele auf UV- oder LED-Basis sind [&hellip;]<\/p>\n","protected":false},"author":1,"featured_media":252,"comment_status":"closed","ping_status":"open","sticky":false,"template":"","format":"standard","meta":{"footnotes":""},"categories":[2,41],"tags":[13,9,7,52],"class_list":["post-250","post","type-post","status-publish","format-standard","has-post-thumbnail","hentry","category-naildesign-produkte","category-rund-ums-thema-naegel-machen","tag-gelnaegel","tag-naegel-selber-machen","tag-nageldesign","tag-uv-farbgele"],"_links":{"self":[{"href":"https:\/\/www.uv-farbgele.de\/blog\/wp-json\/wp\/v2\/posts\/250","targetHints":{"allow":["GET"]}}],"collection":[{"href":"https:\/\/www.uv-farbgele.de\/blog\/wp-json\/wp\/v2\/posts"}],"about":[{"href":"https:\/\/www.uv-farbgele.de\/blog\/wp-json\/wp\/v2\/types\/post"}],"author":[{"embeddable":true,"href":"https:\/\/www.uv-farbgele.de\/blog\/wp-json\/wp\/v2\/users\/1"}],"replies":[{"embeddable":true,"href":"https:\/\/www.uv-farbgele.de\/blog\/wp-json\/wp\/v2\/comments?post=250"}],"version-history":[{"count":1,"href":"https:\/\/www.uv-farbgele.de\/blog\/wp-json\/wp\/v2\/posts\/250\/revisions"}],"predecessor-version":[{"id":253,"href":"https:\/\/www.uv-farbgele.de\/blog\/wp-json\/wp\/v2\/posts\/250\/revisions\/253"}],"wp:featuredmedia":[{"embeddable":true,"href":"https:\/\/www.uv-farbgele.de\/blog\/wp-json\/wp\/v2\/media\/252"}],"wp:attachment":[{"href":"https:\/\/www.uv-farbgele.de\/blog\/wp-json\/wp\/v2\/media?parent=250"}],"wp:term":[{"taxonomy":"category","embeddable":true,"href":"https:\/\/www.uv-farbgele.de\/blog\/wp-json\/wp\/v2\/categories?post=250"},{"taxonomy":"post_tag","embeddable":true,"href":"https:\/\/www.uv-farbgele.de\/blog\/wp-json\/wp\/v2\/tags?post=250"}],"curies":[{"name":"wp","href":"https:\/\/api.w.org\/{rel}","templated":true}]}}