{"id":215,"date":"2024-12-18T09:00:00","date_gmt":"2024-12-18T08:00:00","guid":{"rendered":"https:\/\/www.uv-farbgele.de\/blog\/?p=215"},"modified":"2025-04-25T12:37:53","modified_gmt":"2025-04-25T10:37:53","slug":"glitzer-und-glamour-die-angesagtesten-nageldesigns-fuer-die-feiertage","status":"publish","type":"post","link":"https:\/\/www.uv-farbgele.de\/blog\/2024\/12\/18\/glitzer-und-glamour-die-angesagtesten-nageldesigns-fuer-die-feiertage\/","title":{"rendered":"Glitzer und Glamour: Die angesagtesten Nageldesigns f\u00fcr die Feiertage"},"content":{"rendered":"\n<p>Die Feiertage stehen vor der T\u00fcr, und was k\u00f6nnte besser passen als ein glamour\u00f6ses Nageldesign, das deine H\u00e4nde zum absoluten Hingucker macht? Ob elegante Glitzerakzente, edles Gold oder verspielte Motive \u2013 in diesem Blogbeitrag stellen wir dir die angesagtesten Nageldesigns f\u00fcr die festliche Saison vor. Lass dich inspirieren und finde deinen perfekten Look f\u00fcr Weihnachten und Silvester!<\/p>\n\n\n\n<hr class=\"wp-block-separator has-alpha-channel-opacity\"\/>\n\n\n\n<div class=\"wp-block-media-text is-stacked-on-mobile\" style=\"grid-template-columns:30% auto\"><figure class=\"wp-block-media-text__media\"><img loading=\"lazy\" decoding=\"async\" width=\"1024\" height=\"1024\" src=\"https:\/\/www.uv-farbgele.de\/blog\/wp-content\/uploads\/2024\/12\/48iy7rki.png\" alt=\"\" class=\"wp-image-216 size-full\" srcset=\"https:\/\/www.uv-farbgele.de\/blog\/wp-content\/uploads\/2024\/12\/48iy7rki.png 1024w, https:\/\/www.uv-farbgele.de\/blog\/wp-content\/uploads\/2024\/12\/48iy7rki-300x300.png 300w, https:\/\/www.uv-farbgele.de\/blog\/wp-content\/uploads\/2024\/12\/48iy7rki-150x150.png 150w, https:\/\/www.uv-farbgele.de\/blog\/wp-content\/uploads\/2024\/12\/48iy7rki-768x768.png 768w, https:\/\/www.uv-farbgele.de\/blog\/wp-content\/uploads\/2024\/12\/48iy7rki-170x170.png 170w\" sizes=\"auto, (max-width: 1024px) 100vw, 1024px\" \/><\/figure><div class=\"wp-block-media-text__content\">\n<h2 class=\"wp-block-heading has-text-align-center\"><strong>Goldene Highlights: <\/strong><\/h2>\n\n\n\n<p class=\"has-text-align-center\"><strong>Der Klassiker f\u00fcr festliche Eleganz<\/strong><\/p>\n<\/div><\/div>\n\n\n\n<p>Gold ist der Inbegriff von Glamour und passt perfekt zu den Feiertagen. Ob als schimmernder \u00dcberlack, feine Akzentlinien oder komplett vergoldete N\u00e4gel \u2013 dieser Look sorgt f\u00fcr einen luxuri\u00f6sen Auftritt.<\/p>\n\n\n\n<p>\ud83d\udca1 <strong>Tipp:<\/strong> Verwende feine <strong>Nagelfolien<\/strong> oder einen <strong>goldfarbenen Glitter-Gel-Lack<\/strong>, um einen besonders gleichm\u00e4\u00dfigen und intensiven Effekt zu erzielen.<\/p>\n\n\n\n<hr class=\"wp-block-separator has-alpha-channel-opacity\"\/>\n\n\n\n<div class=\"wp-block-media-text is-stacked-on-mobile\" style=\"grid-template-columns:30% auto\"><figure class=\"wp-block-media-text__media\"><img loading=\"lazy\" decoding=\"async\" width=\"1024\" height=\"1024\" src=\"https:\/\/www.uv-farbgele.de\/blog\/wp-content\/uploads\/2024\/12\/wy2bwb2u.png\" alt=\"\" class=\"wp-image-224 size-full\" srcset=\"https:\/\/www.uv-farbgele.de\/blog\/wp-content\/uploads\/2024\/12\/wy2bwb2u.png 1024w, https:\/\/www.uv-farbgele.de\/blog\/wp-content\/uploads\/2024\/12\/wy2bwb2u-300x300.png 300w, https:\/\/www.uv-farbgele.de\/blog\/wp-content\/uploads\/2024\/12\/wy2bwb2u-150x150.png 150w, https:\/\/www.uv-farbgele.de\/blog\/wp-content\/uploads\/2024\/12\/wy2bwb2u-768x768.png 768w, https:\/\/www.uv-farbgele.de\/blog\/wp-content\/uploads\/2024\/12\/wy2bwb2u-170x170.png 170w\" sizes=\"auto, (max-width: 1024px) 100vw, 1024px\" \/><\/figure><div class=\"wp-block-media-text__content\">\n<h2 class=\"wp-block-heading has-text-align-center\"><strong>Schwarz und Gold: <\/strong><\/h2>\n\n\n\n<p class=\"has-text-align-center\"><strong>F\u00fcr den gro\u00dfen Auftritt<\/strong><\/p>\n<\/div><\/div>\n\n\n\n<p>Schwarze N\u00e4gel mit goldenen Details wirken luxuri\u00f6s und dramatisch \u2013 perfekt f\u00fcr Silvester. Ob als goldene Spitzen, Glitzer-Highlights oder kunstvolle Muster \u2013 diese Kombination zieht garantiert alle Blicke auf sich.<\/p>\n\n\n\n<p>\ud83d\udca1 <strong>Tipp:<\/strong> Mit einem <strong>goldenen Stamping-Lack<\/strong> kannst du filigrane Muster wie Sternbilder oder festliche Ornamente ganz einfach aufbringen.<\/p>\n\n\n\n<hr class=\"wp-block-separator has-alpha-channel-opacity\"\/>\n\n\n\n<div class=\"wp-block-media-text is-stacked-on-mobile\" style=\"grid-template-columns:30% auto\"><figure class=\"wp-block-media-text__media\"><img loading=\"lazy\" decoding=\"async\" width=\"1024\" height=\"1024\" src=\"https:\/\/www.uv-farbgele.de\/blog\/wp-content\/uploads\/2024\/12\/hlnymana.png\" alt=\"\" class=\"wp-image-219 size-full\" srcset=\"https:\/\/www.uv-farbgele.de\/blog\/wp-content\/uploads\/2024\/12\/hlnymana.png 1024w, https:\/\/www.uv-farbgele.de\/blog\/wp-content\/uploads\/2024\/12\/hlnymana-300x300.png 300w, https:\/\/www.uv-farbgele.de\/blog\/wp-content\/uploads\/2024\/12\/hlnymana-150x150.png 150w, https:\/\/www.uv-farbgele.de\/blog\/wp-content\/uploads\/2024\/12\/hlnymana-768x768.png 768w, https:\/\/www.uv-farbgele.de\/blog\/wp-content\/uploads\/2024\/12\/hlnymana-170x170.png 170w\" sizes=\"auto, (max-width: 1024px) 100vw, 1024px\" \/><\/figure><div class=\"wp-block-media-text__content\">\n<h2 class=\"wp-block-heading has-text-align-center\"><strong>Silberglanz: <\/strong><\/h2>\n\n\n\n<p class=\"has-text-align-center\"><strong>Frostige Eleganz<\/strong><\/p>\n<\/div><\/div>\n\n\n\n<p>F\u00fcr einen eleganten, winterlichen Look ist Silber die perfekte Wahl. Kombiniere silberne Glitzerakzente mit einem klassischen Wei\u00df oder einem sanften Blau, um einen eisigen, stilvollen Look zu kreieren.<\/p>\n\n\n\n<p>\ud83d\udca1 <strong>Trend:<\/strong> Probiere einen Ombr\u00e9-Effekt mit Silberglitter \u2013 der \u00dcbergang von transparent zu glitzernd wirkt edel und gleichzeitig modern.<\/p>\n\n\n\n<hr class=\"wp-block-separator has-alpha-channel-opacity\"\/>\n\n\n\n<div class=\"wp-block-media-text is-stacked-on-mobile\" style=\"grid-template-columns:30% auto\"><figure class=\"wp-block-media-text__media\"><img loading=\"lazy\" decoding=\"async\" width=\"1024\" height=\"1024\" src=\"https:\/\/www.uv-farbgele.de\/blog\/wp-content\/uploads\/2024\/12\/0hyjse0i-1.png\" alt=\"\" class=\"wp-image-221 size-full\" srcset=\"https:\/\/www.uv-farbgele.de\/blog\/wp-content\/uploads\/2024\/12\/0hyjse0i-1.png 1024w, https:\/\/www.uv-farbgele.de\/blog\/wp-content\/uploads\/2024\/12\/0hyjse0i-1-300x300.png 300w, https:\/\/www.uv-farbgele.de\/blog\/wp-content\/uploads\/2024\/12\/0hyjse0i-1-150x150.png 150w, https:\/\/www.uv-farbgele.de\/blog\/wp-content\/uploads\/2024\/12\/0hyjse0i-1-768x768.png 768w, https:\/\/www.uv-farbgele.de\/blog\/wp-content\/uploads\/2024\/12\/0hyjse0i-1-170x170.png 170w\" sizes=\"auto, (max-width: 1024px) 100vw, 1024px\" \/><\/figure><div class=\"wp-block-media-text__content\">\n<h2 class=\"wp-block-heading has-text-align-center\"><strong>Glamour\u00f6se 3D-Details<\/strong><\/h2>\n<\/div><\/div>\n\n\n\n<p>F\u00fcr alle, die es extravagant m\u00f6gen, sind 3D-Details wie kleine Strasssteine, Perlen oder metallische Applikationen ideal. Sie verleihen deinem Nageldesign das gewisse Extra und machen deine N\u00e4gel zum Highlight jedes Outfits.<\/p>\n\n\n\n<p>\ud83d\udca1 <strong>Trend:<\/strong> Platziere Strasssteine an der Basis eines oder mehrerer N\u00e4gel f\u00fcr einen dezenten, aber glamour\u00f6sen Look.<\/p>\n\n\n\n<hr class=\"wp-block-separator has-alpha-channel-opacity\"\/>\n\n\n\n<div class=\"wp-block-media-text is-stacked-on-mobile\" style=\"grid-template-columns:30% auto\"><figure class=\"wp-block-media-text__media\"><img loading=\"lazy\" decoding=\"async\" width=\"1024\" height=\"1024\" src=\"https:\/\/www.uv-farbgele.de\/blog\/wp-content\/uploads\/2024\/12\/fe5oacwx.png\" alt=\"\" class=\"wp-image-222 size-full\" srcset=\"https:\/\/www.uv-farbgele.de\/blog\/wp-content\/uploads\/2024\/12\/fe5oacwx.png 1024w, https:\/\/www.uv-farbgele.de\/blog\/wp-content\/uploads\/2024\/12\/fe5oacwx-300x300.png 300w, https:\/\/www.uv-farbgele.de\/blog\/wp-content\/uploads\/2024\/12\/fe5oacwx-150x150.png 150w, https:\/\/www.uv-farbgele.de\/blog\/wp-content\/uploads\/2024\/12\/fe5oacwx-768x768.png 768w, https:\/\/www.uv-farbgele.de\/blog\/wp-content\/uploads\/2024\/12\/fe5oacwx-170x170.png 170w\" sizes=\"auto, (max-width: 1024px) 100vw, 1024px\" \/><\/figure><div class=\"wp-block-media-text__content\">\n<h2 class=\"wp-block-heading has-text-align-left\"><strong>Dunkle T\u00f6ne mit Metallic-Schimmer<\/strong><\/h2>\n<\/div><\/div>\n\n\n\n<p>Tiefes Blau, Smaragdgr\u00fcn oder Bordeauxrot mit einem Hauch von Metallic sind perfekt f\u00fcr elegante und geheimnisvolle Feiertagslooks. Sie wirken besonders glamour\u00f6s, wenn sie mit Glanz\u00fcberz\u00fcgen oder feinen Glitzerlinien kombiniert werden.<\/p>\n\n\n\n<p>\ud83d\udca1 <strong>Tipp:<\/strong> Ein <strong>Holo-Top-Coat<\/strong> verleiht dunklen Farben einen faszinierenden, mehrdimensionalen Effekt.<\/p>\n\n\n\n<hr class=\"wp-block-separator has-alpha-channel-opacity\"\/>\n\n\n\n<h3 class=\"wp-block-heading\"><strong>Fazit: Mit Glitzer und Glamour durch die Feiertage<\/strong><\/h3>\n\n\n\n<p>Die Feiertage sind die perfekte Zeit, um mit Nageldesigns zu experimentieren und etwas Glamour in deinen Look zu bringen. Ob schlicht und elegant oder auff\u00e4llig und extravagant \u2013 in unserem<a href=\"http:\/\/www.uv-farbgele.de\" data-type=\"link\" data-id=\"www.uv-farbgele.de\"> Online-Nailshop<\/a> findest du alles, was du brauchst, um deine N\u00e4gel zum Strahlen zu bringen.<\/p>\n\n\n\n<p>\u2728 <strong>Jetzt entdecken<\/strong>: Von Glitzerlacken \u00fcber Strasssteine bis hin zu Stamping-Schablonen \u2013 wir haben die passenden Produkte f\u00fcr dein perfektes Festtagsdesign!<\/p>\n","protected":false},"excerpt":{"rendered":"<p>Die Feiertage stehen vor der T\u00fcr, und was k\u00f6nnte besser passen als ein glamour\u00f6ses Nageldesign, das deine H\u00e4nde zum absoluten Hingucker macht? Ob elegante Glitzerakzente, edles Gold oder verspielte Motive \u2013 in diesem Blogbeitrag stellen wir dir die angesagtesten Nageldesigns f\u00fcr die festliche Saison vor. Lass dich inspirieren und finde deinen perfekten Look f\u00fcr Weihnachten [&hellip;]<\/p>\n","protected":false},"author":1,"featured_media":228,"comment_status":"closed","ping_status":"open","sticky":false,"template":"","format":"standard","meta":{"footnotes":""},"categories":[1],"tags":[14,9,7,3,5],"class_list":["post-215","post","type-post","status-publish","format-standard","has-post-thumbnail","hentry","category-nageldesign-ideen-turorials","tag-diy-nails","tag-naegel-selber-machen","tag-nageldesign","tag-nageldesign-ideen","tag-nailinspiration"],"_links":{"self":[{"href":"https:\/\/www.uv-farbgele.de\/blog\/wp-json\/wp\/v2\/posts\/215","targetHints":{"allow":["GET"]}}],"collection":[{"href":"https:\/\/www.uv-farbgele.de\/blog\/wp-json\/wp\/v2\/posts"}],"about":[{"href":"https:\/\/www.uv-farbgele.de\/blog\/wp-json\/wp\/v2\/types\/post"}],"author":[{"embeddable":true,"href":"https:\/\/www.uv-farbgele.de\/blog\/wp-json\/wp\/v2\/users\/1"}],"replies":[{"embeddable":true,"href":"https:\/\/www.uv-farbgele.de\/blog\/wp-json\/wp\/v2\/comments?post=215"}],"version-history":[{"count":5,"href":"https:\/\/www.uv-farbgele.de\/blog\/wp-json\/wp\/v2\/posts\/215\/revisions"}],"predecessor-version":[{"id":227,"href":"https:\/\/www.uv-farbgele.de\/blog\/wp-json\/wp\/v2\/posts\/215\/revisions\/227"}],"wp:featuredmedia":[{"embeddable":true,"href":"https:\/\/www.uv-farbgele.de\/blog\/wp-json\/wp\/v2\/media\/228"}],"wp:attachment":[{"href":"https:\/\/www.uv-farbgele.de\/blog\/wp-json\/wp\/v2\/media?parent=215"}],"wp:term":[{"taxonomy":"category","embeddable":true,"href":"https:\/\/www.uv-farbgele.de\/blog\/wp-json\/wp\/v2\/categories?post=215"},{"taxonomy":"post_tag","embeddable":true,"href":"https:\/\/www.uv-farbgele.de\/blog\/wp-json\/wp\/v2\/tags?post=215"}],"curies":[{"name":"wp","href":"https:\/\/api.w.org\/{rel}","templated":true}]}}