{"id":172,"date":"2024-11-21T09:30:00","date_gmt":"2024-11-21T08:30:00","guid":{"rendered":"https:\/\/www.uv-farbgele.de\/blog\/?p=172"},"modified":"2025-04-25T12:38:14","modified_gmt":"2025-04-25T10:38:14","slug":"weihnachtsnaegel-die-10-besten-x-mas-nageldesign-ideen","status":"publish","type":"post","link":"https:\/\/www.uv-farbgele.de\/blog\/2024\/11\/21\/weihnachtsnaegel-die-10-besten-x-mas-nageldesign-ideen\/","title":{"rendered":"Weihnachtsn\u00e4gel: die 10 besten X-MAS Nageldesign Ideen"},"content":{"rendered":"\n<p class=\"has-text-align-left has-medium-font-size\"><\/p>\n\n\n\n<p class=\"has-medium-font-size\"><strong>Hier sind zehn festliche Nageldesign-Ideen mit kurzen Schritt-f\u00fcr-Schritt-Anleitungen, ideal f\u00fcr Anf\u00e4nger und Profis. Die Designs sind vielseitig und eignen sich f\u00fcr jeden Anlass \u2013 von schlicht bis glamour\u00f6s!<\/strong><\/p>\n\n\n\n<p class=\"has-medium-font-size\"><strong>Inhalt<\/strong>: <\/p>\n\n\n\n<ul class=\"wp-block-list has-medium-font-size\">\n<li><a href=\"#weihnachtsn\u00e4gel-rot\" data-type=\"internal\" data-id=\"#weihnachtsn\u00e4gel-rot\">Klassische rote Weihnachtsn\u00e4gel<\/a><\/li>\n\n\n\n<li><a href=\"#Schneeflocken\" data-type=\"internal\" data-id=\"#Schneeflocken\">Schneeflocken-Zauber<\/a><\/li>\n\n\n\n<li><a href=\"#glitzer-ombre\" data-type=\"internal\" data-id=\"#glitzer-ombre\">Glitzer-Ombr\u00e9<\/a><\/li>\n\n\n\n<li><a href=\"#zuckerstangen\" data-type=\"internal\" data-id=\"#zuckerstangen\">Zuckerstangen-N\u00e4gel<\/a><\/li>\n\n\n\n<li><a href=\"#tannenzweige\" data-type=\"internal\" data-id=\"#tannenzweige\">Tannenzweige mit Beeren<\/a><\/li>\n\n\n\n<li><a href=\"#gold-french\" data-type=\"internal\" data-id=\"#gold-french\">Goldene French-Spitzen<\/a><\/li>\n\n\n\n<li><a href=\"#weihnachtskugel\" data-type=\"internal\" data-id=\"#weihnachtskugel\">Weihnachtskugel-Design<\/a><\/li>\n\n\n\n<li><a href=\"#matt-glanz\" data-type=\"internal\" data-id=\"#matt-glanz\">Matt &amp; Glanz Kombination<\/a><\/li>\n\n\n\n<li><a href=\"#weihnachtsstern\" data-type=\"internal\" data-id=\"#weihnachtsstern\">Weihnachtsstern<\/a><\/li>\n\n\n\n<li id=\"weihnachtsn\u00e4gel-rot\"><a href=\"#schneefall\" data-type=\"internal\" data-id=\"#schneefall\">Glitzernder Schneefall<\/a><\/li>\n<\/ul>\n\n\n\n<p><\/p>\n\n\n\n<p><\/p>\n\n\n\n<div class=\"wp-block-media-text is-stacked-on-mobile\" style=\"grid-template-columns:30% auto\"><figure class=\"wp-block-media-text__media\"><img loading=\"lazy\" decoding=\"async\" width=\"1024\" height=\"1024\" src=\"https:\/\/www.uv-farbgele.de\/blog\/wp-content\/uploads\/2024\/11\/99dgpno5.png\" alt=\"\" class=\"wp-image-177 size-full\" srcset=\"https:\/\/www.uv-farbgele.de\/blog\/wp-content\/uploads\/2024\/11\/99dgpno5.png 1024w, https:\/\/www.uv-farbgele.de\/blog\/wp-content\/uploads\/2024\/11\/99dgpno5-300x300.png 300w, https:\/\/www.uv-farbgele.de\/blog\/wp-content\/uploads\/2024\/11\/99dgpno5-150x150.png 150w, https:\/\/www.uv-farbgele.de\/blog\/wp-content\/uploads\/2024\/11\/99dgpno5-768x768.png 768w, https:\/\/www.uv-farbgele.de\/blog\/wp-content\/uploads\/2024\/11\/99dgpno5-170x170.png 170w\" sizes=\"auto, (max-width: 1024px) 100vw, 1024px\" \/><\/figure><div class=\"wp-block-media-text__content\">\n<h1 class=\"wp-block-heading has-text-align-center has-x-large-font-size\">Klassische rote Weihnachtsn\u00e4gel<\/h1>\n<\/div><\/div>\n\n\n\n<h3 class=\"wp-block-heading has-medium-font-size\"><strong>Anleitung:<\/strong><\/h3>\n\n\n\n<ol class=\"wp-block-list\">\n<li class=\"has-medium-font-size\">Trage ein rotes <a href=\"https:\/\/www.uv-farbgele.de\/de\/farbgele-lacke\/\" data-type=\"link\" data-id=\"https:\/\/www.uv-farbgele.de\/de\/farbgele-lacke\/\">Farbgel<\/a> in zwei d\u00fcnnen Schichten auf und h\u00e4rte jede Schicht aus.<\/li>\n\n\n\n<li id=\"Schneeflocken\" class=\"has-medium-font-size\">Versiegel die N\u00e4gel mit einem Glanzgel. <strong>Tipp:<\/strong> Perfekt f\u00fcr minimalistische Eleganz.<\/li>\n<\/ol>\n\n\n\n<hr class=\"wp-block-separator has-alpha-channel-opacity\"\/>\n\n\n\n<div class=\"wp-block-media-text has-media-on-the-right is-stacked-on-mobile\" style=\"grid-template-columns:auto 30%\"><div class=\"wp-block-media-text__content\">\n<h1 class=\"wp-block-heading has-text-align-center has-x-large-font-size\">Schneeflocken-Zauber<\/h1>\n<\/div><figure class=\"wp-block-media-text__media\"><img loading=\"lazy\" decoding=\"async\" width=\"1024\" height=\"1024\" src=\"https:\/\/www.uv-farbgele.de\/blog\/wp-content\/uploads\/2024\/11\/n9cjfta5.png\" alt=\"\" class=\"wp-image-178 size-full\" srcset=\"https:\/\/www.uv-farbgele.de\/blog\/wp-content\/uploads\/2024\/11\/n9cjfta5.png 1024w, https:\/\/www.uv-farbgele.de\/blog\/wp-content\/uploads\/2024\/11\/n9cjfta5-300x300.png 300w, https:\/\/www.uv-farbgele.de\/blog\/wp-content\/uploads\/2024\/11\/n9cjfta5-150x150.png 150w, https:\/\/www.uv-farbgele.de\/blog\/wp-content\/uploads\/2024\/11\/n9cjfta5-768x768.png 768w, https:\/\/www.uv-farbgele.de\/blog\/wp-content\/uploads\/2024\/11\/n9cjfta5-170x170.png 170w\" sizes=\"auto, (max-width: 1024px) 100vw, 1024px\" \/><\/figure><\/div>\n\n\n\n<p class=\"has-medium-font-size\"><strong>Anleitung:<\/strong><\/p>\n\n\n\n<ol class=\"wp-block-list\">\n<li class=\"has-medium-font-size\">Grundiere die N\u00e4gel mit einem Nude-Farbgel.<\/li>\n\n\n\n<li class=\"has-medium-font-size\">Zeichne mit einem wei\u00dfen Nailart-Gel feine Schneeflocken mit einem <a href=\"https:\/\/www.uv-farbgele.de\/de\/nageldesign-pinsel\/nailart-pinsel\/\" data-type=\"link\" data-id=\"https:\/\/www.uv-farbgele.de\/de\/nageldesign-pinsel\/nailart-pinsel\/\">Pinsel<\/a>.<\/li>\n\n\n\n<li id=\"glitzer-ombre\" class=\"has-medium-font-size\">H\u00e4rte jede Schneeflocke einzeln aus und versiegel das Design. <strong>Tipp:<\/strong> Setze kleine Punkte um die Schneeflocken f\u00fcr zus\u00e4tzlichen Winterzauber.<\/li>\n<\/ol>\n\n\n\n<hr class=\"wp-block-separator has-alpha-channel-opacity\"\/>\n\n\n\n<div class=\"wp-block-media-text is-stacked-on-mobile\" style=\"grid-template-columns:30% auto\"><figure class=\"wp-block-media-text__media\"><img loading=\"lazy\" decoding=\"async\" width=\"1024\" height=\"1024\" src=\"https:\/\/www.uv-farbgele.de\/blog\/wp-content\/uploads\/2024\/11\/o2nb7fyo-1.png\" alt=\"\" class=\"wp-image-183 size-full\" srcset=\"https:\/\/www.uv-farbgele.de\/blog\/wp-content\/uploads\/2024\/11\/o2nb7fyo-1.png 1024w, https:\/\/www.uv-farbgele.de\/blog\/wp-content\/uploads\/2024\/11\/o2nb7fyo-1-300x300.png 300w, https:\/\/www.uv-farbgele.de\/blog\/wp-content\/uploads\/2024\/11\/o2nb7fyo-1-150x150.png 150w, https:\/\/www.uv-farbgele.de\/blog\/wp-content\/uploads\/2024\/11\/o2nb7fyo-1-768x768.png 768w, https:\/\/www.uv-farbgele.de\/blog\/wp-content\/uploads\/2024\/11\/o2nb7fyo-1-170x170.png 170w\" sizes=\"auto, (max-width: 1024px) 100vw, 1024px\" \/><\/figure><div class=\"wp-block-media-text__content\">\n<h1 class=\"wp-block-heading has-text-align-center has-x-large-font-size\">Glitzer-Ombr\u00e9<\/h1>\n<\/div><\/div>\n\n\n\n<p class=\"has-medium-font-size\"><strong>Anleitung:<\/strong><\/p>\n\n\n\n<ol class=\"wp-block-list\">\n<li class=\"has-medium-font-size\">Trage ein transparentes oder nudefarbenes Gel auf.<\/li>\n\n\n\n<li class=\"has-medium-font-size\">Tupfe mit einem Schw\u00e4mmchen Goldglitzer-Gel an die Nagelspitzen und ziehe es sanft nach unten.<\/li>\n\n\n\n<li id=\"zuckerstangen\" class=\"has-medium-font-size\">H\u00e4rte das Design aus und versiegel es. <strong>Tipp:<\/strong> F\u00fcr extra Glanz einen <a href=\"https:\/\/www.uv-farbgele.de\/de\/uv-gel-quick-finish-gold-dust.html\" data-type=\"link\" data-id=\"https:\/\/www.uv-farbgele.de\/de\/uv-gel-quick-finish-gold-dust.html\">Top Coat mit Glitzer <\/a>verwenden.<\/li>\n<\/ol>\n\n\n\n<hr class=\"wp-block-separator has-alpha-channel-opacity\"\/>\n\n\n\n<div class=\"wp-block-media-text has-media-on-the-right is-stacked-on-mobile\" style=\"grid-template-columns:auto 30%\"><div class=\"wp-block-media-text__content\">\n<h1 class=\"wp-block-heading has-text-align-center has-x-large-font-size\">Zuckerstangen-N\u00e4gel<\/h1>\n<\/div><figure class=\"wp-block-media-text__media\"><img loading=\"lazy\" decoding=\"async\" width=\"1024\" height=\"1024\" src=\"https:\/\/www.uv-farbgele.de\/blog\/wp-content\/uploads\/2024\/11\/5z6ocfd7.png\" alt=\"\" class=\"wp-image-184 size-full\" srcset=\"https:\/\/www.uv-farbgele.de\/blog\/wp-content\/uploads\/2024\/11\/5z6ocfd7.png 1024w, https:\/\/www.uv-farbgele.de\/blog\/wp-content\/uploads\/2024\/11\/5z6ocfd7-300x300.png 300w, https:\/\/www.uv-farbgele.de\/blog\/wp-content\/uploads\/2024\/11\/5z6ocfd7-150x150.png 150w, https:\/\/www.uv-farbgele.de\/blog\/wp-content\/uploads\/2024\/11\/5z6ocfd7-768x768.png 768w, https:\/\/www.uv-farbgele.de\/blog\/wp-content\/uploads\/2024\/11\/5z6ocfd7-170x170.png 170w\" sizes=\"auto, (max-width: 1024px) 100vw, 1024px\" \/><\/figure><\/div>\n\n\n\n<p class=\"has-medium-font-size\"><strong>Anleitung:<\/strong><\/p>\n\n\n\n<ol class=\"wp-block-list\">\n<li class=\"has-medium-font-size\">Trage ein <a href=\"https:\/\/www.uv-farbgele.de\/de\/master-color-uv-gel-helle-dunkle-toene.html\" data-type=\"link\" data-id=\"https:\/\/www.uv-farbgele.de\/de\/master-color-uv-gel-helle-dunkle-toene.html\">wei\u00dfes Farbgel<\/a> als Basis auf und h\u00e4rte es aus.<\/li>\n\n\n\n<li class=\"has-medium-font-size\">Zeichne diagonale rote Linien mit einem d\u00fcnnen Pinsel, um die Zuckerstangen-Optik zu erzeugen.<\/li>\n\n\n\n<li id=\"tannenzweige\" class=\"has-medium-font-size\">Versiegel das Design mit Glanzgel. <strong>Tipp:<\/strong> Arbeite pr\u00e4zise f\u00fcr klare Linien.<\/li>\n<\/ol>\n\n\n\n<hr class=\"wp-block-separator has-alpha-channel-opacity\"\/>\n\n\n\n<div class=\"wp-block-media-text is-stacked-on-mobile\" style=\"grid-template-columns:30% auto\"><figure class=\"wp-block-media-text__media\"><img loading=\"lazy\" decoding=\"async\" width=\"1024\" height=\"1024\" src=\"https:\/\/www.uv-farbgele.de\/blog\/wp-content\/uploads\/2024\/11\/sxlnkr5c.png\" alt=\"\" class=\"wp-image-185 size-full\" srcset=\"https:\/\/www.uv-farbgele.de\/blog\/wp-content\/uploads\/2024\/11\/sxlnkr5c.png 1024w, https:\/\/www.uv-farbgele.de\/blog\/wp-content\/uploads\/2024\/11\/sxlnkr5c-300x300.png 300w, https:\/\/www.uv-farbgele.de\/blog\/wp-content\/uploads\/2024\/11\/sxlnkr5c-150x150.png 150w, https:\/\/www.uv-farbgele.de\/blog\/wp-content\/uploads\/2024\/11\/sxlnkr5c-768x768.png 768w, https:\/\/www.uv-farbgele.de\/blog\/wp-content\/uploads\/2024\/11\/sxlnkr5c-170x170.png 170w\" sizes=\"auto, (max-width: 1024px) 100vw, 1024px\" \/><\/figure><div class=\"wp-block-media-text__content\">\n<h1 class=\"wp-block-heading has-text-align-center has-x-large-font-size\">Tannenzweige mit Beeren<\/h1>\n<\/div><\/div>\n\n\n\n<p class=\"has-medium-font-size\"><strong>Anleitung:<\/strong><\/p>\n\n\n\n<ol class=\"wp-block-list\">\n<li class=\"has-medium-font-size\">Grundiere die N\u00e4gel mit Nude-Gel.<\/li>\n\n\n\n<li class=\"has-medium-font-size\">Zeichne mit gr\u00fcnem Gel feine Zweige und f\u00fcge rote Punkte als Beeren hinzu.<\/li>\n\n\n\n<li id=\"gold-french\" class=\"has-medium-font-size\">H\u00e4rte das Design aus und trage ein Versiegelungsgel auf. <strong>Tipp:<\/strong> Nutze einen sehr feinen Pinsel f\u00fcr die Details.<\/li>\n<\/ol>\n\n\n\n<hr class=\"wp-block-separator has-alpha-channel-opacity\"\/>\n\n\n\n<h3 class=\"wp-block-heading\"><strong>6. Goldene French-Spitzen<\/strong><\/h3>\n\n\n\n<div class=\"wp-block-media-text has-media-on-the-right is-stacked-on-mobile\" style=\"grid-template-columns:auto 30%\"><div class=\"wp-block-media-text__content\">\n<h1 class=\"wp-block-heading has-text-align-center has-x-large-font-size\">Goldene French-Spitzen<\/h1>\n<\/div><figure class=\"wp-block-media-text__media\"><img loading=\"lazy\" decoding=\"async\" width=\"1024\" height=\"1024\" src=\"https:\/\/www.uv-farbgele.de\/blog\/wp-content\/uploads\/2024\/11\/ebd2bjey.png\" alt=\"\" class=\"wp-image-186 size-full\" srcset=\"https:\/\/www.uv-farbgele.de\/blog\/wp-content\/uploads\/2024\/11\/ebd2bjey.png 1024w, https:\/\/www.uv-farbgele.de\/blog\/wp-content\/uploads\/2024\/11\/ebd2bjey-300x300.png 300w, https:\/\/www.uv-farbgele.de\/blog\/wp-content\/uploads\/2024\/11\/ebd2bjey-150x150.png 150w, https:\/\/www.uv-farbgele.de\/blog\/wp-content\/uploads\/2024\/11\/ebd2bjey-768x768.png 768w, https:\/\/www.uv-farbgele.de\/blog\/wp-content\/uploads\/2024\/11\/ebd2bjey-170x170.png 170w\" sizes=\"auto, (max-width: 1024px) 100vw, 1024px\" \/><\/figure><\/div>\n\n\n\n<p class=\"has-medium-font-size\"><strong>Anleitung:<\/strong><\/p>\n\n\n\n<ol class=\"wp-block-list\">\n<li class=\"has-medium-font-size\">Trage eine Nude- oder <a href=\"https:\/\/www.uv-farbgele.de\/de\/uv-aufbaugel-camouflage-cover-makeup-gel.html\" data-type=\"link\" data-id=\"https:\/\/www.uv-farbgele.de\/de\/uv-aufbaugel-camouflage-cover-makeup-gel.html\">Ros\u00e9-Basis<\/a> auf und h\u00e4rte sie aus.<\/li>\n\n\n\n<li class=\"has-medium-font-size\">Ziehe die Nagelspitzen mit Goldglitzer-Gel nach.<\/li>\n\n\n\n<li id=\"weihnachtskugel\" class=\"has-medium-font-size\">H\u00e4rte aus und versiegel mit einem Glanzgel. <strong>Tipp:<\/strong> Perfekt f\u00fcr kurze N\u00e4gel und elegantes Nageldesign.<\/li>\n<\/ol>\n\n\n\n<hr class=\"wp-block-separator has-alpha-channel-opacity\"\/>\n\n\n\n<div class=\"wp-block-media-text is-stacked-on-mobile\" style=\"grid-template-columns:30% auto\"><figure class=\"wp-block-media-text__media\"><img loading=\"lazy\" decoding=\"async\" width=\"1024\" height=\"1024\" src=\"https:\/\/www.uv-farbgele.de\/blog\/wp-content\/uploads\/2024\/11\/enk5xllm.png\" alt=\"\" class=\"wp-image-188 size-full\" srcset=\"https:\/\/www.uv-farbgele.de\/blog\/wp-content\/uploads\/2024\/11\/enk5xllm.png 1024w, https:\/\/www.uv-farbgele.de\/blog\/wp-content\/uploads\/2024\/11\/enk5xllm-300x300.png 300w, https:\/\/www.uv-farbgele.de\/blog\/wp-content\/uploads\/2024\/11\/enk5xllm-150x150.png 150w, https:\/\/www.uv-farbgele.de\/blog\/wp-content\/uploads\/2024\/11\/enk5xllm-768x768.png 768w, https:\/\/www.uv-farbgele.de\/blog\/wp-content\/uploads\/2024\/11\/enk5xllm-170x170.png 170w\" sizes=\"auto, (max-width: 1024px) 100vw, 1024px\" \/><\/figure><div class=\"wp-block-media-text__content\">\n<h1 class=\"wp-block-heading has-text-align-center has-x-large-font-size\">Weihnachtskugel-Design<\/h1>\n<\/div><\/div>\n\n\n\n<p class=\"has-medium-font-size\"><strong>Anleitung:<\/strong><\/p>\n\n\n\n<ol class=\"wp-block-list\">\n<li class=\"has-medium-font-size\">Grundiere die N\u00e4gel in Nude oder Rot.<\/li>\n\n\n\n<li class=\"has-medium-font-size\">Zeichne mit Gold- und Wei\u00dfgel kleine Kugeln und setze Akzente mit Strass.<\/li>\n\n\n\n<li id=\"matt-glanz\" class=\"has-medium-font-size\">H\u00e4rte das Design aus und versiegel es. <strong>Tipp:<\/strong> Ideal f\u00fcr Akzentn\u00e4gel.<\/li>\n<\/ol>\n\n\n\n<hr class=\"wp-block-separator has-alpha-channel-opacity\"\/>\n\n\n\n<div class=\"wp-block-media-text has-media-on-the-right is-stacked-on-mobile\" style=\"grid-template-columns:auto 30%\"><div class=\"wp-block-media-text__content\">\n<h1 class=\"wp-block-heading has-text-align-center has-x-large-font-size\">Matt &amp; Glanz Kombination<\/h1>\n<\/div><figure class=\"wp-block-media-text__media\"><img loading=\"lazy\" decoding=\"async\" width=\"1024\" height=\"1024\" src=\"https:\/\/www.uv-farbgele.de\/blog\/wp-content\/uploads\/2024\/11\/jlviy3gr.png\" alt=\"\" class=\"wp-image-189 size-full\" srcset=\"https:\/\/www.uv-farbgele.de\/blog\/wp-content\/uploads\/2024\/11\/jlviy3gr.png 1024w, https:\/\/www.uv-farbgele.de\/blog\/wp-content\/uploads\/2024\/11\/jlviy3gr-300x300.png 300w, https:\/\/www.uv-farbgele.de\/blog\/wp-content\/uploads\/2024\/11\/jlviy3gr-150x150.png 150w, https:\/\/www.uv-farbgele.de\/blog\/wp-content\/uploads\/2024\/11\/jlviy3gr-768x768.png 768w, https:\/\/www.uv-farbgele.de\/blog\/wp-content\/uploads\/2024\/11\/jlviy3gr-170x170.png 170w\" sizes=\"auto, (max-width: 1024px) 100vw, 1024px\" \/><\/figure><\/div>\n\n\n\n<p class=\"has-medium-font-size\"><strong>Anleitung:<\/strong><\/p>\n\n\n\n<ol class=\"wp-block-list\">\n<li class=\"has-medium-font-size\">Trage eine matte Basis auf (z. B. Rot oder Dunkelgr\u00fcn).<\/li>\n\n\n\n<li class=\"has-medium-font-size\">F\u00fcge mit <a href=\"https:\/\/www.uv-farbgele.de\/de\/uv-gel-classic-finish-gel-klar.html\" data-type=\"link\" data-id=\"https:\/\/www.uv-farbgele.de\/de\/uv-gel-classic-finish-gel-klar.html\">Glanzgel<\/a> Akzente wie Punkte oder Linien hinzu.<\/li>\n\n\n\n<li id=\"weihnachtsstern\" class=\"has-medium-font-size\">H\u00e4rte beide Schichten separat aus. <strong>Tipp:<\/strong> Der Kontrast zwischen matt und gl\u00e4nzend sorgt f\u00fcr ein modernes Design.<\/li>\n<\/ol>\n\n\n\n<hr class=\"wp-block-separator has-alpha-channel-opacity\"\/>\n\n\n\n<div class=\"wp-block-media-text is-stacked-on-mobile\" style=\"grid-template-columns:30% auto\"><figure class=\"wp-block-media-text__media\"><img loading=\"lazy\" decoding=\"async\" width=\"1024\" height=\"1024\" src=\"https:\/\/www.uv-farbgele.de\/blog\/wp-content\/uploads\/2024\/11\/y98i4fmr-1.png\" alt=\"\" class=\"wp-image-191 size-full\" srcset=\"https:\/\/www.uv-farbgele.de\/blog\/wp-content\/uploads\/2024\/11\/y98i4fmr-1.png 1024w, https:\/\/www.uv-farbgele.de\/blog\/wp-content\/uploads\/2024\/11\/y98i4fmr-1-300x300.png 300w, https:\/\/www.uv-farbgele.de\/blog\/wp-content\/uploads\/2024\/11\/y98i4fmr-1-150x150.png 150w, https:\/\/www.uv-farbgele.de\/blog\/wp-content\/uploads\/2024\/11\/y98i4fmr-1-768x768.png 768w, https:\/\/www.uv-farbgele.de\/blog\/wp-content\/uploads\/2024\/11\/y98i4fmr-1-170x170.png 170w\" sizes=\"auto, (max-width: 1024px) 100vw, 1024px\" \/><\/figure><div class=\"wp-block-media-text__content\">\n<h1 class=\"wp-block-heading has-text-align-center has-x-large-font-size\">Weihnachtsstern<\/h1>\n<\/div><\/div>\n\n\n\n<p class=\"has-medium-font-size\"><strong>Anleitung:<\/strong><\/p>\n\n\n\n<ol class=\"wp-block-list\">\n<li class=\"has-medium-font-size\">Grundiere die N\u00e4gel mit einer roten oder wei\u00dfen Basis.<\/li>\n\n\n\n<li class=\"has-medium-font-size\">Zeichne mit einem <a href=\"https:\/\/www.uv-farbgele.de\/de\/designer-nailart-pinsel-echthaar-duenn.html\" data-type=\"link\" data-id=\"https:\/\/www.uv-farbgele.de\/de\/designer-nailart-pinsel-echthaar-duenn.html\">feinen Pinsel<\/a> einen Weihnachtsstern in Gold oder Silber.<\/li>\n\n\n\n<li id=\"schneefall\" class=\"has-medium-font-size\">H\u00e4rte aus und trage ein Versiegelungsgel auf. <strong>Tipp:<\/strong> Perfekt f\u00fcr ein dezentes, aber festliches Highlight.<\/li>\n<\/ol>\n\n\n\n<hr class=\"wp-block-separator has-alpha-channel-opacity\"\/>\n\n\n\n<div class=\"wp-block-media-text has-media-on-the-right is-stacked-on-mobile\" style=\"grid-template-columns:auto 30%\"><div class=\"wp-block-media-text__content\">\n<h1 class=\"wp-block-heading has-text-align-center has-x-large-font-size\">Glitzernder Schneefall<\/h1>\n<\/div><figure class=\"wp-block-media-text__media\"><img loading=\"lazy\" decoding=\"async\" width=\"1024\" height=\"1024\" src=\"https:\/\/www.uv-farbgele.de\/blog\/wp-content\/uploads\/2024\/11\/wy9rx4mm-1.png\" alt=\"\" class=\"wp-image-193 size-full\" srcset=\"https:\/\/www.uv-farbgele.de\/blog\/wp-content\/uploads\/2024\/11\/wy9rx4mm-1.png 1024w, https:\/\/www.uv-farbgele.de\/blog\/wp-content\/uploads\/2024\/11\/wy9rx4mm-1-300x300.png 300w, https:\/\/www.uv-farbgele.de\/blog\/wp-content\/uploads\/2024\/11\/wy9rx4mm-1-150x150.png 150w, https:\/\/www.uv-farbgele.de\/blog\/wp-content\/uploads\/2024\/11\/wy9rx4mm-1-768x768.png 768w, https:\/\/www.uv-farbgele.de\/blog\/wp-content\/uploads\/2024\/11\/wy9rx4mm-1-170x170.png 170w\" sizes=\"auto, (max-width: 1024px) 100vw, 1024px\" \/><\/figure><\/div>\n\n\n\n<p class=\"has-medium-font-size\"><strong>Anleitung:<\/strong><\/p>\n\n\n\n<ol class=\"wp-block-list\">\n<li class=\"has-medium-font-size\">Trage ein transparentes Gel als Basis auf und h\u00e4rte es aus.<\/li>\n\n\n\n<li class=\"has-medium-font-size\">Tupfe mit einem Pinsel oder Schwamm wei\u00dfes Glitzer-Gel in die Mitte des Nagels.<\/li>\n\n\n\n<li class=\"has-medium-font-size\">Ziehe das Glitzer nach oben f\u00fcr einen \u201eSchneefall\u201c-Effekt.<\/li>\n\n\n\n<li class=\"has-medium-font-size\">H\u00e4rte aus und versiegel. <strong>Tipp:<\/strong> Glitzer in verschiedenen Farben macht das Design vielseitig.<\/li>\n<\/ol>\n\n\n\n<hr class=\"wp-block-separator has-alpha-channel-opacity\"\/>\n\n\n\n<p class=\"has-medium-font-size\"><strong>Diese Designs sind einfach umzusetzen und bieten f\u00fcr jeden Geschmack das passende Weihnachtsnageldesign. Viel Spa\u00df beim Gestalten und frohe Weihnachten! \ud83c\udf84\u2728<\/strong><\/p>\n","protected":false},"excerpt":{"rendered":"<p>Hier sind zehn festliche Nageldesign-Ideen mit kurzen Schritt-f\u00fcr-Schritt-Anleitungen, ideal f\u00fcr Anf\u00e4nger und Profis. Die Designs sind vielseitig und eignen sich f\u00fcr jeden Anlass \u2013 von schlicht bis glamour\u00f6s! Inhalt: Klassische rote Weihnachtsn\u00e4gel Anleitung: Schneeflocken-Zauber Anleitung: Glitzer-Ombr\u00e9 Anleitung: Zuckerstangen-N\u00e4gel Anleitung: Tannenzweige mit Beeren Anleitung: 6. Goldene French-Spitzen Goldene French-Spitzen Anleitung: Weihnachtskugel-Design Anleitung: Matt &amp; Glanz Kombination [&hellip;]<\/p>\n","protected":false},"author":1,"featured_media":199,"comment_status":"closed","ping_status":"open","sticky":false,"template":"","format":"standard","meta":{"footnotes":""},"categories":[1],"tags":[14,8,13,10,9,7,3,45,37,5,44],"class_list":["post-172","post","type-post","status-publish","format-standard","has-post-thumbnail","hentry","category-nageldesign-ideen-turorials","tag-diy-nails","tag-fingernaegel-design","tag-gelnaegel","tag-gelnaegel-design","tag-naegel-selber-machen","tag-nageldesign","tag-nageldesign-ideen","tag-nageldesign-zu-besonderen-anlaessen","tag-nailart","tag-nailinspiration","tag-weihnachtsnaegel"],"_links":{"self":[{"href":"https:\/\/www.uv-farbgele.de\/blog\/wp-json\/wp\/v2\/posts\/172","targetHints":{"allow":["GET"]}}],"collection":[{"href":"https:\/\/www.uv-farbgele.de\/blog\/wp-json\/wp\/v2\/posts"}],"about":[{"href":"https:\/\/www.uv-farbgele.de\/blog\/wp-json\/wp\/v2\/types\/post"}],"author":[{"embeddable":true,"href":"https:\/\/www.uv-farbgele.de\/blog\/wp-json\/wp\/v2\/users\/1"}],"replies":[{"embeddable":true,"href":"https:\/\/www.uv-farbgele.de\/blog\/wp-json\/wp\/v2\/comments?post=172"}],"version-history":[{"count":10,"href":"https:\/\/www.uv-farbgele.de\/blog\/wp-json\/wp\/v2\/posts\/172\/revisions"}],"predecessor-version":[{"id":200,"href":"https:\/\/www.uv-farbgele.de\/blog\/wp-json\/wp\/v2\/posts\/172\/revisions\/200"}],"wp:featuredmedia":[{"embeddable":true,"href":"https:\/\/www.uv-farbgele.de\/blog\/wp-json\/wp\/v2\/media\/199"}],"wp:attachment":[{"href":"https:\/\/www.uv-farbgele.de\/blog\/wp-json\/wp\/v2\/media?parent=172"}],"wp:term":[{"taxonomy":"category","embeddable":true,"href":"https:\/\/www.uv-farbgele.de\/blog\/wp-json\/wp\/v2\/categories?post=172"},{"taxonomy":"post_tag","embeddable":true,"href":"https:\/\/www.uv-farbgele.de\/blog\/wp-json\/wp\/v2\/tags?post=172"}],"curies":[{"name":"wp","href":"https:\/\/api.w.org\/{rel}","templated":true}]}}