{"id":103,"date":"2024-11-12T09:00:00","date_gmt":"2024-11-12T08:00:00","guid":{"rendered":"https:\/\/www.uv-farbgele.de\/blog\/?p=103"},"modified":"2025-04-25T12:38:25","modified_gmt":"2025-04-25T10:38:25","slug":"elegante-nageldesign-ideen-fuer-perfekte-gelnaegel-mit-glitzer","status":"publish","type":"post","link":"https:\/\/www.uv-farbgele.de\/blog\/2024\/11\/12\/elegante-nageldesign-ideen-fuer-perfekte-gelnaegel-mit-glitzer\/","title":{"rendered":"Elegante Nageldesign-Ideen f\u00fcr Perfekte Geln\u00e4gel mit Glitzer"},"content":{"rendered":"\n<p><\/p>\n\n\n\n<p class=\"has-medium-font-size\">Heute zeigen wir dir drei wundersch\u00f6ne und elegante <strong>Nageldesign-Ideen<\/strong> mit dem gewissen Extra an Glitzer. Perfekt f\u00fcr alle, die ihre <strong>N\u00e4gel selber machen<\/strong> und nach kreativen Ideen suchen, die sowohl f\u00fcr den Alltag als auch f\u00fcr besondere Anl\u00e4sse geeignet sind. Egal ob <strong>French Nails selber machen<\/strong>, Glitzer f\u00fcr besondere Akzente, oder trendige Farben wie Schwarz und Rosa \u2013 hier findest du das passende <strong>Fingern\u00e4gel Design<\/strong>. Also los geht\u2019s!<\/p>\n\n\n\n<p class=\"has-medium-font-size\">Inhalt: <\/p>\n\n\n\n<ul class=\"wp-block-list\">\n<li class=\"has-medium-font-size\"><a href=\"#french-glitzer\" data-type=\"internal\" data-id=\"#french-glitzer\">Klassische French Nails mit Glitzer<\/a><\/li>\n\n\n\n<li class=\"has-medium-font-size\"><a href=\"#ombre-glitzer\" data-type=\"internal\" data-id=\"#ombre-glitzer\">Glitzerndes Ombr\u00e9 Naildesign<\/a><\/li>\n\n\n\n<li class=\"has-medium-font-size\"><a href=\"#schwarz-glitzer\" data-type=\"internal\" data-id=\"#schwarz-glitzer\">Glamour\u00f6ses Nageldesign Schwarz Glitzer<\/a><\/li>\n<\/ul>\n\n\n\n<p id=\"french-glitzer\"><\/p>\n\n\n\n<hr class=\"wp-block-separator has-alpha-channel-opacity\"\/>\n\n\n\n<p><\/p>\n\n\n\n<div class=\"wp-block-media-text is-stacked-on-mobile\" style=\"grid-template-columns:27% auto\"><figure class=\"wp-block-media-text__media\"><img loading=\"lazy\" decoding=\"async\" width=\"1024\" height=\"1024\" src=\"https:\/\/www.uv-farbgele.de\/blog\/wp-content\/uploads\/2024\/11\/jg3nibua.png\" alt=\"\" class=\"wp-image-105 size-full\" srcset=\"https:\/\/www.uv-farbgele.de\/blog\/wp-content\/uploads\/2024\/11\/jg3nibua.png 1024w, https:\/\/www.uv-farbgele.de\/blog\/wp-content\/uploads\/2024\/11\/jg3nibua-300x300.png 300w, https:\/\/www.uv-farbgele.de\/blog\/wp-content\/uploads\/2024\/11\/jg3nibua-150x150.png 150w, https:\/\/www.uv-farbgele.de\/blog\/wp-content\/uploads\/2024\/11\/jg3nibua-768x768.png 768w, https:\/\/www.uv-farbgele.de\/blog\/wp-content\/uploads\/2024\/11\/jg3nibua-170x170.png 170w\" sizes=\"auto, (max-width: 1024px) 100vw, 1024px\" \/><\/figure><div class=\"wp-block-media-text__content\">\n<h1 class=\"wp-block-heading has-text-align-center has-x-large-font-size\">Klassische French Nails<br>mit einem <br>Hauch von Glitzer<\/h1>\n<\/div><\/div>\n\n\n\n<p><\/p>\n\n\n\n<p class=\"has-medium-font-size\">Ein Klassiker, der nie aus der Mode kommt: <strong>French Nails<\/strong>! F\u00fcr das gewisse Etwas f\u00fcgen wir einen Hauch Glitzer hinzu. So geht\u2019s:<\/p>\n\n\n\n<h4 class=\"wp-block-heading has-medium-font-size\">Anleitung:<\/h4>\n\n\n\n<ol class=\"wp-block-list\">\n<li class=\"has-medium-font-size\"><strong>Vorbereitung<\/strong>: Bereite deine N\u00e4gel vor, indem du sie leicht anfeilst und eine Grundierung auftr\u00e4gst. Das sorgt f\u00fcr eine bessere Haftung des <strong>Gels f\u00fcr die N\u00e4gel<\/strong>.<\/li>\n\n\n\n<li class=\"has-medium-font-size\"><strong>French-Tip auftragen<\/strong>: Trage ein <a href=\"https:\/\/www.uv-farbgele.de\/de\/uv-classic-frenchgel-weiss.html\" data-type=\"link\" data-id=\"https:\/\/www.uv-farbgele.de\/de\/uv-classic-frenchgel-weiss.html\">klassisches Wei\u00df<\/a> als French-Tip auf. Dies gelingt am besten mit einem d\u00fcnnen Pinsel.<\/li>\n\n\n\n<li class=\"has-medium-font-size\"><strong>Glitzer-Highlight<\/strong>: Trage ein transparentes Glitzer-Gel \u00fcber den French-Tip oder nur an den Spitzen auf, um einen sanften \u00dcbergang zu schaffen.<\/li>\n\n\n\n<li class=\"has-medium-font-size\"><strong>Versiegeln<\/strong>: Zum Abschluss tr\u00e4gst du einen <a href=\"https:\/\/www.uv-farbgele.de\/de\/uv-gele\/uv-led-gele-pinselflasche\/\" data-type=\"link\" data-id=\"https:\/\/www.uv-farbgele.de\/de\/uv-gele\/uv-led-gele-pinselflasche\/\">Topcoat<\/a> auf, um das Design haltbar zu machen.<\/li>\n<\/ol>\n\n\n\n<p class=\"has-medium-font-size\">Dieses Design ist ideal f\u00fcr alle, die ein klassisches <strong>Nageldesign mit Glitzer<\/strong> m\u00f6gen, das gleichzeitig dezent und elegant wirkt.<\/p>\n\n\n\n<p id=\"ombre-glitzer\"><\/p>\n\n\n\n<hr class=\"wp-block-separator has-alpha-channel-opacity\"\/>\n\n\n\n<p><\/p>\n\n\n\n<div class=\"wp-block-media-text is-stacked-on-mobile\" style=\"grid-template-columns:27% auto\"><figure class=\"wp-block-media-text__media\"><img loading=\"lazy\" decoding=\"async\" width=\"1024\" height=\"1024\" src=\"https:\/\/www.uv-farbgele.de\/blog\/wp-content\/uploads\/2024\/11\/3pwnddtx.png\" alt=\"\" class=\"wp-image-107 size-full\" srcset=\"https:\/\/www.uv-farbgele.de\/blog\/wp-content\/uploads\/2024\/11\/3pwnddtx.png 1024w, https:\/\/www.uv-farbgele.de\/blog\/wp-content\/uploads\/2024\/11\/3pwnddtx-300x300.png 300w, https:\/\/www.uv-farbgele.de\/blog\/wp-content\/uploads\/2024\/11\/3pwnddtx-150x150.png 150w, https:\/\/www.uv-farbgele.de\/blog\/wp-content\/uploads\/2024\/11\/3pwnddtx-768x768.png 768w, https:\/\/www.uv-farbgele.de\/blog\/wp-content\/uploads\/2024\/11\/3pwnddtx-170x170.png 170w\" sizes=\"auto, (max-width: 1024px) 100vw, 1024px\" \/><\/figure><div class=\"wp-block-media-text__content\">\n<h1 class=\"wp-block-heading has-text-align-center has-x-large-font-size\">Glitzernde Ombr\u00e9 Geln\u00e4gel in <br>Rosa und Silber<\/h1>\n<\/div><\/div>\n\n\n\n<p><\/p>\n\n\n\n<p class=\"has-medium-font-size\">Der Ombr\u00e9-Look geh\u00f6rt zu den angesagtesten Trends im <strong>Nageldesign<\/strong>. Hier kombinieren wir Rosa mit silbernem Glitzer, um einen funkelnden, aber stilvollen Look zu schaffen.<\/p>\n\n\n\n<h4 class=\"wp-block-heading has-medium-font-size\">Anleitung:<\/h4>\n\n\n\n<ol class=\"wp-block-list\">\n<li class=\"has-medium-font-size\"><strong>Grundfarbe auftragen<\/strong>: W\u00e4hle ein zartes Rosa als Grundfarbe und trage es auf den gesamten Nagel auf.<\/li>\n\n\n\n<li class=\"has-medium-font-size\"><strong>Glitzer-\u00dcbergang gestalten<\/strong>: Mit einem <a href=\"https:\/\/www.uv-farbgele.de\/de\/nailart-gelpinsel-echthaar-ombre-pinsel.html\" data-type=\"link\" data-id=\"https:\/\/www.uv-farbgele.de\/de\/nailart-gelpinsel-echthaar-ombre-pinsel.html\">Ombre Pinsel<\/a> oder Schw\u00e4mmchen tr\u00e4gst du silbernes Glitzer-Gel auf die Spitzen der N\u00e4gel auf und l\u00e4sst es leicht nach unten verlaufen, sodass ein sanfter Ombr\u00e9-Effekt entsteht.<\/li>\n\n\n\n<li class=\"has-medium-font-size\"><strong>Schichten f\u00fcr intensiveren Glitzer<\/strong>: Wenn du mehr Glitzer m\u00f6chtest, kannst du eine zweite d\u00fcnne Schicht auf die Spitzen geben, um den Glitzer-Effekt zu verst\u00e4rken.<\/li>\n\n\n\n<li class=\"has-medium-font-size\"><strong>Versiegeln<\/strong>: Abschlie\u00dfend kommt der Topcoat f\u00fcr extra Glanz und Haltbarkeit.<\/li>\n<\/ol>\n\n\n\n<p class=\"has-medium-font-size\">Dieses Design eignet sich hervorragend f\u00fcr besondere Anl\u00e4sse und ist ein tolles Highlight f\u00fcr dein <strong>N\u00e4gel Design<\/strong>.<\/p>\n\n\n\n<p id=\"schwarz-glitzer\"><\/p>\n\n\n\n<hr class=\"wp-block-separator has-alpha-channel-opacity\"\/>\n\n\n\n<p><\/p>\n\n\n\n<div class=\"wp-block-media-text is-stacked-on-mobile\" style=\"grid-template-columns:27% auto\"><figure class=\"wp-block-media-text__media\"><img loading=\"lazy\" decoding=\"async\" width=\"1024\" height=\"1024\" src=\"https:\/\/www.uv-farbgele.de\/blog\/wp-content\/uploads\/2024\/11\/whyzj4bk.png\" alt=\"\" class=\"wp-image-108 size-full\" srcset=\"https:\/\/www.uv-farbgele.de\/blog\/wp-content\/uploads\/2024\/11\/whyzj4bk.png 1024w, https:\/\/www.uv-farbgele.de\/blog\/wp-content\/uploads\/2024\/11\/whyzj4bk-300x300.png 300w, https:\/\/www.uv-farbgele.de\/blog\/wp-content\/uploads\/2024\/11\/whyzj4bk-150x150.png 150w, https:\/\/www.uv-farbgele.de\/blog\/wp-content\/uploads\/2024\/11\/whyzj4bk-768x768.png 768w, https:\/\/www.uv-farbgele.de\/blog\/wp-content\/uploads\/2024\/11\/whyzj4bk-170x170.png 170w\" sizes=\"auto, (max-width: 1024px) 100vw, 1024px\" \/><\/figure><div class=\"wp-block-media-text__content\">\n<h1 class=\"wp-block-heading has-text-align-center has-x-large-font-size\">Glamour\u00f6se Schwarze Geln\u00e4gel <br>mit Silber-Glitzer<\/h1>\n<\/div><\/div>\n\n\n\n<p><\/p>\n\n\n\n<p class=\"has-medium-font-size\">F\u00fcr ein edles und glamour\u00f6ses <strong>Fingern\u00e4gel Design<\/strong> ist Schwarz mit Glitzer immer eine hervorragende Wahl. Dieses Design ist perfekt f\u00fcr einen Abendlook oder einen besonderen Event.<\/p>\n\n\n\n<h4 class=\"wp-block-heading has-medium-font-size\">Anleitung:<\/h4>\n\n\n\n<ol class=\"wp-block-list\">\n<li class=\"has-medium-font-size\"><strong>Schwarze Grundfarbe auftragen<\/strong>: Trage ein tiefes Schwarz auf alle N\u00e4gel auf und lasse es gut trocknen.<\/li>\n\n\n\n<li class=\"has-medium-font-size\"><strong>Glitzer-Effekte hinzuf\u00fcgen<\/strong>: Trage silbernen Glitzer nur auf die Nagelbasis auf und lass es leicht nach oben verblassen. Alternativ kannst du den Glitzer auf nur einem oder zwei Akzentn\u00e4geln gro\u00dfz\u00fcgiger verteilen, um einen aufregenden Look zu kreieren.<\/li>\n\n\n\n<li class=\"has-medium-font-size\"><strong>Optional \u2013 Glitzer-Topcoat<\/strong>: Verwende einen <a href=\"https:\/\/www.uv-farbgele.de\/de\/uv-gel-quick-finish-silver-dust.html\" data-type=\"link\" data-id=\"https:\/\/www.uv-farbgele.de\/de\/uv-gel-quick-finish-silver-dust.html\">Topcoat <\/a>mit leichtem Glitzer f\u00fcr zus\u00e4tzlichen Glanz und einen glamour\u00f6sen Look.<\/li>\n\n\n\n<li class=\"has-medium-font-size\"><strong>Versiegeln<\/strong>: Der finale Schritt ist der Topcoat, der das Design haltbar macht und es sch\u00f6n gl\u00e4nzen l\u00e4sst.<\/li>\n<\/ol>\n\n\n\n<p class=\"has-medium-font-size\">Dieses <strong>Glitzer Nageldesign<\/strong> in Schwarz ist perfekt f\u00fcr alle, die ein dramatisches, aber elegantes Design suchen.<\/p>\n","protected":false},"excerpt":{"rendered":"<p>Heute zeigen wir dir drei wundersch\u00f6ne und elegante Nageldesign-Ideen mit dem gewissen Extra an Glitzer. Perfekt f\u00fcr alle, die ihre N\u00e4gel selber machen und nach kreativen Ideen suchen, die sowohl f\u00fcr den Alltag als auch f\u00fcr besondere Anl\u00e4sse geeignet sind. Egal ob French Nails selber machen, Glitzer f\u00fcr besondere Akzente, oder trendige Farben wie Schwarz [&hellip;]<\/p>\n","protected":false},"author":2,"featured_media":144,"comment_status":"closed","ping_status":"open","sticky":false,"template":"","format":"standard","meta":{"footnotes":""},"categories":[1],"tags":[8,29,28,10,27,9,7,3,5],"class_list":["post-103","post","type-post","status-publish","format-standard","has-post-thumbnail","hentry","category-nageldesign-ideen-turorials","tag-fingernaegel-design","tag-french-glitzer","tag-gel-naegel-schwarz","tag-gelnaegel-design","tag-glitzernaegel","tag-naegel-selber-machen","tag-nageldesign","tag-nageldesign-ideen","tag-nailinspiration"],"_links":{"self":[{"href":"https:\/\/www.uv-farbgele.de\/blog\/wp-json\/wp\/v2\/posts\/103","targetHints":{"allow":["GET"]}}],"collection":[{"href":"https:\/\/www.uv-farbgele.de\/blog\/wp-json\/wp\/v2\/posts"}],"about":[{"href":"https:\/\/www.uv-farbgele.de\/blog\/wp-json\/wp\/v2\/types\/post"}],"author":[{"embeddable":true,"href":"https:\/\/www.uv-farbgele.de\/blog\/wp-json\/wp\/v2\/users\/2"}],"replies":[{"embeddable":true,"href":"https:\/\/www.uv-farbgele.de\/blog\/wp-json\/wp\/v2\/comments?post=103"}],"version-history":[{"count":10,"href":"https:\/\/www.uv-farbgele.de\/blog\/wp-json\/wp\/v2\/posts\/103\/revisions"}],"predecessor-version":[{"id":145,"href":"https:\/\/www.uv-farbgele.de\/blog\/wp-json\/wp\/v2\/posts\/103\/revisions\/145"}],"wp:featuredmedia":[{"embeddable":true,"href":"https:\/\/www.uv-farbgele.de\/blog\/wp-json\/wp\/v2\/media\/144"}],"wp:attachment":[{"href":"https:\/\/www.uv-farbgele.de\/blog\/wp-json\/wp\/v2\/media?parent=103"}],"wp:term":[{"taxonomy":"category","embeddable":true,"href":"https:\/\/www.uv-farbgele.de\/blog\/wp-json\/wp\/v2\/categories?post=103"},{"taxonomy":"post_tag","embeddable":true,"href":"https:\/\/www.uv-farbgele.de\/blog\/wp-json\/wp\/v2\/tags?post=103"}],"curies":[{"name":"wp","href":"https:\/\/api.w.org\/{rel}","templated":true}]}}